{"id":24966,"date":"2023-07-05T11:36:51","date_gmt":"2023-07-05T15:36:51","guid":{"rendered":"https:\/\/foodbankscanada.ca\/?p=24966"},"modified":"2023-07-19T11:39:23","modified_gmt":"2023-07-19T15:39:23","slug":"projecteur-du-banquier-alimentaire-sharon-palmer-2","status":"publish","type":"post","link":"https:\/\/fbc-wp-hidden.azurewebsites.net\/fr\/projecteur-du-banquier-alimentaire-sharon-palmer-2\/","title":{"rendered":"Projecteur du banquier alimentaire \u2013 Sharon Palmer"},"content":{"rendered":"\n<p>Nous sommes toujours int\u00e9ress\u00e9s \u00e0 en savoir plus sur les individus dans les banques alimentaires \u00e0 travers le Canada! Ce mois-ci, nos projecteurs sont braqu\u00e9s sur Sharon Palmer, la directrice ex\u00e9cutive de la Barrie Food Bank!<\/p>\n\n\n\n<figure class=\"wp-block-image aligncenter size-full is-resized\"><img loading=\"lazy\" decoding=\"async\" src=\"https:\/\/content.foodbankscanada.ca\/wordpress\/2023\/07\/Sharon.png\" alt=\"\" class=\"wp-image-24748\" width=\"242\" height=\"252\" srcset=\"https:\/\/content.foodbankscanada.ca\/wordpress\/2023\/07\/Sharon.png 816w, https:\/\/content.foodbankscanada.ca\/wordpress\/2023\/07\/Sharon-288x300.png 288w, https:\/\/content.foodbankscanada.ca\/wordpress\/2023\/07\/Sharon-768x800.png 768w\" sizes=\"auto, (max-width: 242px) 100vw, 242px\" \/><\/figure>\n\n\n\n<p><strong>Quel est votre r\u00f4le dans le r\u00e9seau des banques alimentaires?<\/strong><\/p>\n\n\n\n<p>Directrice g\u00e9n\u00e9rale.<\/p>\n\n\n\n<p><strong>Quel pronom utilisez-vous?<\/strong><\/p>\n\n\n\n<p>Elle.<\/p>\n\n\n\n<p><strong>D\u00e9crivez votre journ\u00e9e de travail typique en un mot.&nbsp;<\/strong><\/p>\n\n\n\n<p>Extraordinaire!<\/p>\n\n\n\n<p><strong>Qu\u2019est-ce qui vous a motiv\u00e9e \u00e0 travailler dans les banques alimentaires?<\/strong><\/p>\n\n\n\n<p>J\u2019ai fait du b\u00e9n\u00e9volat dans une banque alimentaire pendant un an et j\u2019ai \u00e9t\u00e9 extr\u00eamement frapp\u00e9e par la gratitude des personnes venues chercher de l\u2019aide. J\u2019ai \u00e9galement \u00e9t\u00e9 impressionn\u00e9e par l\u2019environnement de travail. Le personnel \u00e9tait toujours tr\u00e8s reconnaissant des efforts des b\u00e9n\u00e9voles, et j\u2019ai senti que l\u2019on attachait beaucoup d\u2019importance \u00e0 ma contribution. Lorsque j\u2019ai eu l\u2019occasion de travailler dans une banque alimentaire, je me suis dit qu\u2019il s\u2019agissait d\u2019une fa\u00e7on de tirer parti des comp\u00e9tences que j\u2019avais acquises tout au long de ma carri\u00e8re et de changer r\u00e9ellement les choses pour les membres de la communaut\u00e9 dans le besoin.<\/p>\n\n\n\n<p><strong>Quelle est votre plus grande r\u00e9alisation dans votre poste actuel?<\/strong><\/p>\n\n\n\n<p>Je suis tr\u00e8s fi\u00e8re de notre transition d\u2019un service pr\u00e9emball\u00e9 \u00e0 un magasinage en libre-service. Les clients profitent ainsi d\u2019une exp\u00e9rience plus digne. Ils peuvent choisir des articles qui r\u00e9pondent \u00e0 leurs besoins alimentaires, et le gaspillage est r\u00e9duit, car on ne distribue pas d\u2019aliments qui ne seront pas consomm\u00e9s.<\/p>\n\n\n\n<p><strong>Quel est le plus grand d\u00e9fi que vous devez surmonter dans votre poste actuel?<\/strong><\/p>\n\n\n\n<p>L\u2019adaptation au nombre accru de clients. Nous cherchons constamment des moyens d\u2019\u00eatre plus efficients, efficaces et solidaires, tout en tenant compte de la diversit\u00e9 des besoins de notre communaut\u00e9.<\/p>\n\n\n\n<p><strong>Si vous pouviez faire un seul v\u0153u pour r\u00e9gler le probl\u00e8me de la faim au Canada, quel serait-il?<\/strong><\/p>\n\n\n\n<p>Je souhaiterais que les programmes de services sociaux financ\u00e9s par le gouvernement fournissent des fonds suffisants pour couvrir les besoins essentiels comme le logement, la nourriture et les soins de sant\u00e9.<\/p>\n\n\n\n<p><strong>Quel talent aimeriez-vous le plus avoir?&nbsp;<\/strong><\/p>\n\n\n\n<p>J\u2019aimerais \u00eatre une conf\u00e9renci\u00e8re accomplie.<\/p>\n\n\n\n<p><strong>Si vous pouviez remonter le temps et vous donner un conseil \u00e0 vous-m\u00eame, quel serait-il?<\/strong><\/p>\n\n\n\n<p>N\u2019aie pas peur de changer les choses ni de tenter ta chance. Je pense que j\u2019ai souvent trop insist\u00e9 sur les risques associ\u00e9s au changement par rapport aux avantages que j\u2019aurais pu en tirer.<\/p>\n\n\n\n<p><strong>Qui sont vos h\u00e9ros (fictifs ou r\u00e9els)?<\/strong><\/p>\n\n\n\n<p>Michelle&nbsp;Obama. Elle est intelligente, dr\u00f4le, toujours authentique, et elle parle et agit avec int\u00e9grit\u00e9.<\/p>\n\n\n\n<p><strong>Quelle est votre conception du bonheur?<\/strong><\/p>\n\n\n\n<p>J\u2019essaie de trouver des moments de \u00ab&nbsp;joie&nbsp;\u00bb chaque jour. J\u2019en trouve dans la musique, dans la nature, et en \u00e9tant avec des gens dont j\u2019aime la compagnie. Il est difficile de toujours \u00eatre \u00ab&nbsp;heureux&nbsp;\u00bb, alors je me concentre sur ces moments.<\/p>\n\n\n\n<p><strong>Quelle est votre devise?<\/strong><\/p>\n\n\n\n<p>Il faut toujours tenter sa chance!&nbsp;<\/p>\n\n\n\n<p><strong>Apprenez-nous un fait inusit\u00e9 \u00e0 votre sujet.<\/strong><\/p>\n\n\n\n<p>Je joue de la guitare et de la mandoline, et j\u2019aime jouer de la musique bluegrass et country. Je ne suis pas une grande musicienne, mais j\u2019adore jouer de la musique avec d\u2019autres personnes pour le plaisir.<\/p>\n\n\n\n<p><strong>Quelle chanson vous repr\u00e9sente le mieux?<\/strong><\/p>\n\n\n\n<p>Try a Little Kindness<\/p>\n\n\n\n<p><strong>Vous connaissez une banque alimentaire ou un membre du r\u00e9seau que nous pourrions pr\u00e9senter dans le prochain Coup de projecteur? \u00c9crivez-nous \u00e0&nbsp;<a href=\"mailto:communications@foodbankscanada.ca\">communications@foodbankscanada.ca<\/a>.<\/strong><\/p>\n","protected":false},"excerpt":{"rendered":"<p>Nous sommes toujours int\u00e9ress\u00e9s \u00e0 en savoir plus sur les individus dans les banques alimentaires \u00e0 travers le Canada! Ce mois-ci, nos projecteurs sont braqu\u00e9s sur Sharon Palmer, la directrice ex\u00e9cutive de la Barrie Food Bank! Quel est votre r\u00f4le dans le r\u00e9seau des banques alimentaires? Directrice g\u00e9n\u00e9rale. Quel pronom utilisez-vous? Elle. D\u00e9crivez votre journ\u00e9e&#8230;<\/p>\n","protected":false},"author":26,"featured_media":10002,"comment_status":"closed","ping_status":"open","sticky":false,"template":"","format":"standard","meta":{"_acf_changed":false,"footnotes":""},"categories":[6],"tags":[],"class_list":["post-24966","post","type-post","status-publish","format-standard","has-post-thumbnail","hentry","category-non-classifiee"],"acf":[],"yoast_head":"<!-- This site is optimized with the Yoast SEO Premium plugin v26.9 (Yoast SEO v26.9) - https:\/\/yoast.com\/product\/yoast-seo-premium-wordpress\/ -->\n<title>Projecteur du banquier alimentaire \u2013 Sharon Palmer - Banques alimentaires Canada<\/title>\n<meta name=\"robots\" content=\"index, follow, max-snippet:-1, max-image-preview:large, max-video-preview:-1\" \/>\n<link rel=\"canonical\" href=\"https:\/\/fbc-wp-hidden.azurewebsites.net\/fr\/projecteur-du-banquier-alimentaire-sharon-palmer-2\/\" \/>\n<meta property=\"og:locale\" content=\"fr_CA\" \/>\n<meta property=\"og:type\" content=\"article\" \/>\n<meta property=\"og:title\" content=\"Projecteur du banquier alimentaire \u2013 Sharon Palmer\" \/>\n<meta property=\"og:description\" content=\"Nous sommes toujours int\u00e9ress\u00e9s \u00e0 en savoir plus sur les individus dans les banques alimentaires \u00e0 travers le Canada! Ce mois-ci, nos projecteurs sont braqu\u00e9s sur Sharon Palmer, la directrice ex\u00e9cutive de la Barrie Food Bank! Quel est votre r\u00f4le dans le r\u00e9seau des banques alimentaires? Directrice g\u00e9n\u00e9rale. Quel pronom utilisez-vous? Elle. D\u00e9crivez votre journ\u00e9e...\" \/>\n<meta property=\"og:url\" content=\"https:\/\/fbc-wp-hidden.azurewebsites.net\/fr\/projecteur-du-banquier-alimentaire-sharon-palmer-2\/\" \/>\n<meta property=\"og:site_name\" content=\"Banques alimentaires Canada\" \/>\n<meta property=\"article:published_time\" content=\"2023-07-05T15:36:51+00:00\" \/>\n<meta property=\"article:modified_time\" content=\"2023-07-19T15:39:23+00:00\" \/>\n<meta property=\"og:image\" content=\"https:\/\/content.foodbankscanada.ca\/wordpress\/2022\/03\/Spotlight_Banner_2019_FR.png\" \/>\n\t<meta property=\"og:image:width\" content=\"3338\" \/>\n\t<meta property=\"og:image:height\" content=\"1251\" \/>\n\t<meta property=\"og:image:type\" content=\"image\/png\" \/>\n<meta name=\"author\" content=\"Ciara Healy\" \/>\n<meta name=\"twitter:card\" content=\"summary_large_image\" \/>\n<meta name=\"twitter:label1\" content=\"Written by\" \/>\n\t<meta name=\"twitter:data1\" content=\"Ciara Healy\" \/>\n\t<meta name=\"twitter:label2\" content=\"Est. reading time\" \/>\n\t<meta name=\"twitter:data2\" content=\"3 minutes\" \/>\n<script type=\"application\/ld+json\" class=\"yoast-schema-graph\">{\"@context\":\"https:\/\/schema.org\",\"@graph\":[{\"@type\":\"Article\",\"@id\":\"https:\/\/fbc-wp-hidden.azurewebsites.net\/fr\/projecteur-du-banquier-alimentaire-sharon-palmer-2\/#article\",\"isPartOf\":{\"@id\":\"https:\/\/fbc-wp-hidden.azurewebsites.net\/fr\/projecteur-du-banquier-alimentaire-sharon-palmer-2\/\"},\"author\":{\"name\":\"Ciara Healy\",\"@id\":\"https:\/\/fbc-wp-hidden.azurewebsites.net\/fr\/#\/schema\/person\/b1b39e37746390fdec5462000751963a\"},\"headline\":\"Projecteur du banquier alimentaire \u2013 Sharon Palmer\",\"datePublished\":\"2023-07-05T15:36:51+00:00\",\"dateModified\":\"2023-07-19T15:39:23+00:00\",\"mainEntityOfPage\":{\"@id\":\"https:\/\/fbc-wp-hidden.azurewebsites.net\/fr\/projecteur-du-banquier-alimentaire-sharon-palmer-2\/\"},\"wordCount\":627,\"publisher\":{\"@id\":\"https:\/\/fbc-wp-hidden.azurewebsites.net\/fr\/#organization\"},\"image\":{\"@id\":\"https:\/\/fbc-wp-hidden.azurewebsites.net\/fr\/projecteur-du-banquier-alimentaire-sharon-palmer-2\/#primaryimage\"},\"thumbnailUrl\":\"https:\/\/content.foodbankscanada.ca\/wordpress\/2022\/03\/Spotlight_Banner_2019_FR.png\",\"articleSection\":[\"Non classifi\u00e9(e)\"],\"inLanguage\":\"fr-CA\"},{\"@type\":\"WebPage\",\"@id\":\"https:\/\/fbc-wp-hidden.azurewebsites.net\/fr\/projecteur-du-banquier-alimentaire-sharon-palmer-2\/\",\"url\":\"https:\/\/fbc-wp-hidden.azurewebsites.net\/fr\/projecteur-du-banquier-alimentaire-sharon-palmer-2\/\",\"name\":\"Projecteur du banquier alimentaire \u2013 Sharon Palmer - Banques alimentaires Canada\",\"isPartOf\":{\"@id\":\"https:\/\/fbc-wp-hidden.azurewebsites.net\/fr\/#website\"},\"primaryImageOfPage\":{\"@id\":\"https:\/\/fbc-wp-hidden.azurewebsites.net\/fr\/projecteur-du-banquier-alimentaire-sharon-palmer-2\/#primaryimage\"},\"image\":{\"@id\":\"https:\/\/fbc-wp-hidden.azurewebsites.net\/fr\/projecteur-du-banquier-alimentaire-sharon-palmer-2\/#primaryimage\"},\"thumbnailUrl\":\"https:\/\/content.foodbankscanada.ca\/wordpress\/2022\/03\/Spotlight_Banner_2019_FR.png\",\"datePublished\":\"2023-07-05T15:36:51+00:00\",\"dateModified\":\"2023-07-19T15:39:23+00:00\",\"breadcrumb\":{\"@id\":\"https:\/\/fbc-wp-hidden.azurewebsites.net\/fr\/projecteur-du-banquier-alimentaire-sharon-palmer-2\/#breadcrumb\"},\"inLanguage\":\"fr-CA\",\"potentialAction\":[{\"@type\":\"ReadAction\",\"target\":[\"https:\/\/fbc-wp-hidden.azurewebsites.net\/fr\/projecteur-du-banquier-alimentaire-sharon-palmer-2\/\"]}]},{\"@type\":\"ImageObject\",\"inLanguage\":\"fr-CA\",\"@id\":\"https:\/\/fbc-wp-hidden.azurewebsites.net\/fr\/projecteur-du-banquier-alimentaire-sharon-palmer-2\/#primaryimage\",\"url\":\"https:\/\/content.foodbankscanada.ca\/wordpress\/2022\/03\/Spotlight_Banner_2019_FR.png\",\"contentUrl\":\"https:\/\/content.foodbankscanada.ca\/wordpress\/2022\/03\/Spotlight_Banner_2019_FR.png\",\"width\":3338,\"height\":1251},{\"@type\":\"BreadcrumbList\",\"@id\":\"https:\/\/fbc-wp-hidden.azurewebsites.net\/fr\/projecteur-du-banquier-alimentaire-sharon-palmer-2\/#breadcrumb\",\"itemListElement\":[{\"@type\":\"ListItem\",\"position\":1,\"name\":\"Accueil\",\"item\":\"https:\/\/fbc-wp-hidden.azurewebsites.net\/fr\/\"},{\"@type\":\"ListItem\",\"position\":2,\"name\":\"Projecteur du banquier alimentaire \u2013 Sharon Palmer\"}]},{\"@type\":\"WebSite\",\"@id\":\"https:\/\/fbc-wp-hidden.azurewebsites.net\/fr\/#website\",\"url\":\"https:\/\/fbc-wp-hidden.azurewebsites.net\/fr\/\",\"name\":\"Banques alimentaires Canada\",\"description\":\"\",\"publisher\":{\"@id\":\"https:\/\/fbc-wp-hidden.azurewebsites.net\/fr\/#organization\"},\"potentialAction\":[{\"@type\":\"SearchAction\",\"target\":{\"@type\":\"EntryPoint\",\"urlTemplate\":\"https:\/\/fbc-wp-hidden.azurewebsites.net\/fr\/?s={search_term_string}\"},\"query-input\":{\"@type\":\"PropertyValueSpecification\",\"valueRequired\":true,\"valueName\":\"search_term_string\"}}],\"inLanguage\":\"fr-CA\"},{\"@type\":\"Organization\",\"@id\":\"https:\/\/fbc-wp-hidden.azurewebsites.net\/fr\/#organization\",\"name\":\"Food Banks Canada\",\"url\":\"https:\/\/fbc-wp-hidden.azurewebsites.net\/fr\/\",\"logo\":{\"@type\":\"ImageObject\",\"inLanguage\":\"fr-CA\",\"@id\":\"https:\/\/fbc-wp-hidden.azurewebsites.net\/fr\/#\/schema\/logo\/image\/\",\"url\":\"https:\/\/fbcblobstorage.blob.core.windows.net\/wordpress\/2021\/11\/logo.png\",\"contentUrl\":\"https:\/\/fbcblobstorage.blob.core.windows.net\/wordpress\/2021\/11\/logo.png\",\"width\":377,\"height\":89,\"caption\":\"Food Banks Canada\"},\"image\":{\"@id\":\"https:\/\/fbc-wp-hidden.azurewebsites.net\/fr\/#\/schema\/logo\/image\/\"}},{\"@type\":\"Person\",\"@id\":\"https:\/\/fbc-wp-hidden.azurewebsites.net\/fr\/#\/schema\/person\/b1b39e37746390fdec5462000751963a\",\"name\":\"Ciara Healy\",\"image\":{\"@type\":\"ImageObject\",\"inLanguage\":\"fr-CA\",\"@id\":\"https:\/\/fbc-wp-hidden.azurewebsites.net\/fr\/#\/schema\/person\/image\/\",\"url\":\"https:\/\/secure.gravatar.com\/avatar\/27a17fc71ec7ebffd80f423691307af31979125d37c2ee0ca4234cf312113ab5?s=96&d=mm&r=g\",\"contentUrl\":\"https:\/\/secure.gravatar.com\/avatar\/27a17fc71ec7ebffd80f423691307af31979125d37c2ee0ca4234cf312113ab5?s=96&d=mm&r=g\",\"caption\":\"Ciara Healy\"},\"url\":\"https:\/\/fbc-wp-hidden.azurewebsites.net\/fr\/author\/ciara-healyfoodbankscanada-ca\/\"}]}<\/script>\n<!-- \/ Yoast SEO Premium plugin. -->","yoast_head_json":{"title":"Projecteur du banquier alimentaire \u2013 Sharon Palmer - Banques alimentaires Canada","robots":{"index":"index","follow":"follow","max-snippet":"max-snippet:-1","max-image-preview":"max-image-preview:large","max-video-preview":"max-video-preview:-1"},"canonical":"https:\/\/fbc-wp-hidden.azurewebsites.net\/fr\/projecteur-du-banquier-alimentaire-sharon-palmer-2\/","og_locale":"fr_CA","og_type":"article","og_title":"Projecteur du banquier alimentaire \u2013 Sharon Palmer","og_description":"Nous sommes toujours int\u00e9ress\u00e9s \u00e0 en savoir plus sur les individus dans les banques alimentaires \u00e0 travers le Canada! Ce mois-ci, nos projecteurs sont braqu\u00e9s sur Sharon Palmer, la directrice ex\u00e9cutive de la Barrie Food Bank! Quel est votre r\u00f4le dans le r\u00e9seau des banques alimentaires? Directrice g\u00e9n\u00e9rale. Quel pronom utilisez-vous? Elle. D\u00e9crivez votre journ\u00e9e...","og_url":"https:\/\/fbc-wp-hidden.azurewebsites.net\/fr\/projecteur-du-banquier-alimentaire-sharon-palmer-2\/","og_site_name":"Banques alimentaires Canada","article_published_time":"2023-07-05T15:36:51+00:00","article_modified_time":"2023-07-19T15:39:23+00:00","og_image":[{"width":3338,"height":1251,"url":"https:\/\/content.foodbankscanada.ca\/wordpress\/2022\/03\/Spotlight_Banner_2019_FR.png","type":"image\/png"}],"author":"Ciara Healy","twitter_card":"summary_large_image","twitter_misc":{"Written by":"Ciara Healy","Est. reading time":"3 minutes"},"schema":{"@context":"https:\/\/schema.org","@graph":[{"@type":"Article","@id":"https:\/\/fbc-wp-hidden.azurewebsites.net\/fr\/projecteur-du-banquier-alimentaire-sharon-palmer-2\/#article","isPartOf":{"@id":"https:\/\/fbc-wp-hidden.azurewebsites.net\/fr\/projecteur-du-banquier-alimentaire-sharon-palmer-2\/"},"author":{"name":"Ciara Healy","@id":"https:\/\/fbc-wp-hidden.azurewebsites.net\/fr\/#\/schema\/person\/b1b39e37746390fdec5462000751963a"},"headline":"Projecteur du banquier alimentaire \u2013 Sharon Palmer","datePublished":"2023-07-05T15:36:51+00:00","dateModified":"2023-07-19T15:39:23+00:00","mainEntityOfPage":{"@id":"https:\/\/fbc-wp-hidden.azurewebsites.net\/fr\/projecteur-du-banquier-alimentaire-sharon-palmer-2\/"},"wordCount":627,"publisher":{"@id":"https:\/\/fbc-wp-hidden.azurewebsites.net\/fr\/#organization"},"image":{"@id":"https:\/\/fbc-wp-hidden.azurewebsites.net\/fr\/projecteur-du-banquier-alimentaire-sharon-palmer-2\/#primaryimage"},"thumbnailUrl":"https:\/\/content.foodbankscanada.ca\/wordpress\/2022\/03\/Spotlight_Banner_2019_FR.png","articleSection":["Non classifi\u00e9(e)"],"inLanguage":"fr-CA"},{"@type":"WebPage","@id":"https:\/\/fbc-wp-hidden.azurewebsites.net\/fr\/projecteur-du-banquier-alimentaire-sharon-palmer-2\/","url":"https:\/\/fbc-wp-hidden.azurewebsites.net\/fr\/projecteur-du-banquier-alimentaire-sharon-palmer-2\/","name":"Projecteur du banquier alimentaire \u2013 Sharon Palmer - Banques alimentaires Canada","isPartOf":{"@id":"https:\/\/fbc-wp-hidden.azurewebsites.net\/fr\/#website"},"primaryImageOfPage":{"@id":"https:\/\/fbc-wp-hidden.azurewebsites.net\/fr\/projecteur-du-banquier-alimentaire-sharon-palmer-2\/#primaryimage"},"image":{"@id":"https:\/\/fbc-wp-hidden.azurewebsites.net\/fr\/projecteur-du-banquier-alimentaire-sharon-palmer-2\/#primaryimage"},"thumbnailUrl":"https:\/\/content.foodbankscanada.ca\/wordpress\/2022\/03\/Spotlight_Banner_2019_FR.png","datePublished":"2023-07-05T15:36:51+00:00","dateModified":"2023-07-19T15:39:23+00:00","breadcrumb":{"@id":"https:\/\/fbc-wp-hidden.azurewebsites.net\/fr\/projecteur-du-banquier-alimentaire-sharon-palmer-2\/#breadcrumb"},"inLanguage":"fr-CA","potentialAction":[{"@type":"ReadAction","target":["https:\/\/fbc-wp-hidden.azurewebsites.net\/fr\/projecteur-du-banquier-alimentaire-sharon-palmer-2\/"]}]},{"@type":"ImageObject","inLanguage":"fr-CA","@id":"https:\/\/fbc-wp-hidden.azurewebsites.net\/fr\/projecteur-du-banquier-alimentaire-sharon-palmer-2\/#primaryimage","url":"https:\/\/content.foodbankscanada.ca\/wordpress\/2022\/03\/Spotlight_Banner_2019_FR.png","contentUrl":"https:\/\/content.foodbankscanada.ca\/wordpress\/2022\/03\/Spotlight_Banner_2019_FR.png","width":3338,"height":1251},{"@type":"BreadcrumbList","@id":"https:\/\/fbc-wp-hidden.azurewebsites.net\/fr\/projecteur-du-banquier-alimentaire-sharon-palmer-2\/#breadcrumb","itemListElement":[{"@type":"ListItem","position":1,"name":"Accueil","item":"https:\/\/fbc-wp-hidden.azurewebsites.net\/fr\/"},{"@type":"ListItem","position":2,"name":"Projecteur du banquier alimentaire \u2013 Sharon Palmer"}]},{"@type":"WebSite","@id":"https:\/\/fbc-wp-hidden.azurewebsites.net\/fr\/#website","url":"https:\/\/fbc-wp-hidden.azurewebsites.net\/fr\/","name":"Banques alimentaires Canada","description":"","publisher":{"@id":"https:\/\/fbc-wp-hidden.azurewebsites.net\/fr\/#organization"},"potentialAction":[{"@type":"SearchAction","target":{"@type":"EntryPoint","urlTemplate":"https:\/\/fbc-wp-hidden.azurewebsites.net\/fr\/?s={search_term_string}"},"query-input":{"@type":"PropertyValueSpecification","valueRequired":true,"valueName":"search_term_string"}}],"inLanguage":"fr-CA"},{"@type":"Organization","@id":"https:\/\/fbc-wp-hidden.azurewebsites.net\/fr\/#organization","name":"Food Banks Canada","url":"https:\/\/fbc-wp-hidden.azurewebsites.net\/fr\/","logo":{"@type":"ImageObject","inLanguage":"fr-CA","@id":"https:\/\/fbc-wp-hidden.azurewebsites.net\/fr\/#\/schema\/logo\/image\/","url":"https:\/\/fbcblobstorage.blob.core.windows.net\/wordpress\/2021\/11\/logo.png","contentUrl":"https:\/\/fbcblobstorage.blob.core.windows.net\/wordpress\/2021\/11\/logo.png","width":377,"height":89,"caption":"Food Banks Canada"},"image":{"@id":"https:\/\/fbc-wp-hidden.azurewebsites.net\/fr\/#\/schema\/logo\/image\/"}},{"@type":"Person","@id":"https:\/\/fbc-wp-hidden.azurewebsites.net\/fr\/#\/schema\/person\/b1b39e37746390fdec5462000751963a","name":"Ciara Healy","image":{"@type":"ImageObject","inLanguage":"fr-CA","@id":"https:\/\/fbc-wp-hidden.azurewebsites.net\/fr\/#\/schema\/person\/image\/","url":"https:\/\/secure.gravatar.com\/avatar\/27a17fc71ec7ebffd80f423691307af31979125d37c2ee0ca4234cf312113ab5?s=96&d=mm&r=g","contentUrl":"https:\/\/secure.gravatar.com\/avatar\/27a17fc71ec7ebffd80f423691307af31979125d37c2ee0ca4234cf312113ab5?s=96&d=mm&r=g","caption":"Ciara Healy"},"url":"https:\/\/fbc-wp-hidden.azurewebsites.net\/fr\/author\/ciara-healyfoodbankscanada-ca\/"}]}},"_links":{"self":[{"href":"https:\/\/fbc-wp-hidden.azurewebsites.net\/fr\/wp-json\/wp\/v2\/posts\/24966","targetHints":{"allow":["GET"]}}],"collection":[{"href":"https:\/\/fbc-wp-hidden.azurewebsites.net\/fr\/wp-json\/wp\/v2\/posts"}],"about":[{"href":"https:\/\/fbc-wp-hidden.azurewebsites.net\/fr\/wp-json\/wp\/v2\/types\/post"}],"author":[{"embeddable":true,"href":"https:\/\/fbc-wp-hidden.azurewebsites.net\/fr\/wp-json\/wp\/v2\/users\/26"}],"replies":[{"embeddable":true,"href":"https:\/\/fbc-wp-hidden.azurewebsites.net\/fr\/wp-json\/wp\/v2\/comments?post=24966"}],"version-history":[{"count":1,"href":"https:\/\/fbc-wp-hidden.azurewebsites.net\/fr\/wp-json\/wp\/v2\/posts\/24966\/revisions"}],"predecessor-version":[{"id":24967,"href":"https:\/\/fbc-wp-hidden.azurewebsites.net\/fr\/wp-json\/wp\/v2\/posts\/24966\/revisions\/24967"}],"wp:featuredmedia":[{"embeddable":true,"href":"https:\/\/fbc-wp-hidden.azurewebsites.net\/fr\/wp-json\/wp\/v2\/media\/10002"}],"wp:attachment":[{"href":"https:\/\/fbc-wp-hidden.azurewebsites.net\/fr\/wp-json\/wp\/v2\/media?parent=24966"}],"wp:term":[{"taxonomy":"category","embeddable":true,"href":"https:\/\/fbc-wp-hidden.azurewebsites.net\/fr\/wp-json\/wp\/v2\/categories?post=24966"},{"taxonomy":"post_tag","embeddable":true,"href":"https:\/\/fbc-wp-hidden.azurewebsites.net\/fr\/wp-json\/wp\/v2\/tags?post=24966"}],"curies":[{"name":"wp","href":"https:\/\/api.w.org\/{rel}","templated":true}]}}